{"@context":"https:\/\/schema.org\/","@type":"CollectionPage","@id":"https:\/\/www.montres.cz\/politika\/#CollectionPage","headline":"Politika Category","description":"","url":"https:\/\/www.montres.cz\/politika\/","hasPart":[{"@type":"Article","@id":"https:\/\/www.montres.cz\/chceme-vyssi-plat\/","headline":"Chceme vy\u0161\u0161\u00ed plat","url":"https:\/\/www.montres.cz\/chceme-vyssi-plat\/","datePublished":"2024-06-19","dateModified":"2024-06-19","mainEntityOfPage":"https:\/\/www.montres.cz\/chceme-vyssi-plat\/","author":{"@type":"Person","@id":"https:\/\/www.montres.cz\/author\/#Person","name":"","url":"https:\/\/www.montres.cz\/author\/","identifier":1,"image":{"@type":"ImageObject","@id":"https:\/\/secure.gravatar.com\/avatar\/06473a178d94fb830b46e277369729e9534f2612e261ec2f1ee96b672ef473e2?s=96&d=mm&r=g","url":"https:\/\/secure.gravatar.com\/avatar\/06473a178d94fb830b46e277369729e9534f2612e261ec2f1ee96b672ef473e2?s=96&d=mm&r=g","height":96,"width":96}},"publisher":{"@type":"Organization","name":"montres.cz","logo":{"@type":"ImageObject","@id":"\/logo.png","url":"\/logo.png","width":600,"height":60}},"image":{"@type":"ImageObject","@id":"https:\/\/www.montres.cz\/wp-content\/uploads\/money-496229_1280_10_10_10_10_10_10_10_10_10_10_10.jpg","url":"https:\/\/www.montres.cz\/wp-content\/uploads\/money-496229_1280_10_10_10_10_10_10_10_10_10_10_10.jpg","height":0,"width":0},"keywords":null},{"@type":"Article","@id":"https:\/\/www.montres.cz\/jak-moc-jsou-lide-ovlivneni-politikou\/","headline":"Jak moc jsou lid\u00e9 ovlivn\u011bni politikou?","url":"https:\/\/www.montres.cz\/jak-moc-jsou-lide-ovlivneni-politikou\/","datePublished":"2024-05-12","dateModified":"2024-05-12","mainEntityOfPage":"https:\/\/www.montres.cz\/jak-moc-jsou-lide-ovlivneni-politikou\/","author":{"@type":"Person","@id":"https:\/\/www.montres.cz\/author\/#Person","name":"","url":"https:\/\/www.montres.cz\/author\/","identifier":1,"image":{"@type":"ImageObject","@id":"https:\/\/secure.gravatar.com\/avatar\/06473a178d94fb830b46e277369729e9534f2612e261ec2f1ee96b672ef473e2?s=96&d=mm&r=g","url":"https:\/\/secure.gravatar.com\/avatar\/06473a178d94fb830b46e277369729e9534f2612e261ec2f1ee96b672ef473e2?s=96&d=mm&r=g","height":96,"width":96}},"publisher":{"@type":"Organization","name":"montres.cz","logo":{"@type":"ImageObject","@id":"\/logo.png","url":"\/logo.png","width":600,"height":60}},"image":{"@type":"ImageObject","@id":"https:\/\/www.montres.cz\/wp-content\/uploads\/newspapers-4565916_640_3.jpg","url":"https:\/\/www.montres.cz\/wp-content\/uploads\/newspapers-4565916_640_3.jpg","height":0,"width":0},"keywords":null},{"@type":"Article","@id":"https:\/\/www.montres.cz\/politicke-debaty\/","headline":"Politick\u00e9 debaty","url":"https:\/\/www.montres.cz\/politicke-debaty\/","datePublished":"2023-12-28","dateModified":"2024-01-02","mainEntityOfPage":"https:\/\/www.montres.cz\/politicke-debaty\/","author":{"@type":"Person","@id":"https:\/\/www.montres.cz\/author\/#Person","name":"","url":"https:\/\/www.montres.cz\/author\/","identifier":1,"image":{"@type":"ImageObject","@id":"https:\/\/secure.gravatar.com\/avatar\/06473a178d94fb830b46e277369729e9534f2612e261ec2f1ee96b672ef473e2?s=96&d=mm&r=g","url":"https:\/\/secure.gravatar.com\/avatar\/06473a178d94fb830b46e277369729e9534f2612e261ec2f1ee96b672ef473e2?s=96&d=mm&r=g","height":96,"width":96}},"publisher":{"@type":"Organization","name":"montres.cz","logo":{"@type":"ImageObject","@id":"\/logo.png","url":"\/logo.png","width":600,"height":60}},"image":{"@type":"ImageObject","@id":"https:\/\/www.montres.cz\/wp-content\/uploads\/financial-equalization-1015309_1280_1.jpg","url":"https:\/\/www.montres.cz\/wp-content\/uploads\/financial-equalization-1015309_1280_1.jpg","height":0,"width":0},"keywords":null},{"@type":"Article","@id":"https:\/\/www.montres.cz\/hadava-politika\/","headline":"H\u00e1dav\u00e1 politika","url":"https:\/\/www.montres.cz\/hadava-politika\/","datePublished":"2023-12-28","dateModified":"2024-01-02","mainEntityOfPage":"https:\/\/www.montres.cz\/hadava-politika\/","author":{"@type":"Person","@id":"https:\/\/www.montres.cz\/author\/#Person","name":"","url":"https:\/\/www.montres.cz\/author\/","identifier":1,"image":{"@type":"ImageObject","@id":"https:\/\/secure.gravatar.com\/avatar\/06473a178d94fb830b46e277369729e9534f2612e261ec2f1ee96b672ef473e2?s=96&d=mm&r=g","url":"https:\/\/secure.gravatar.com\/avatar\/06473a178d94fb830b46e277369729e9534f2612e261ec2f1ee96b672ef473e2?s=96&d=mm&r=g","height":96,"width":96}},"publisher":{"@type":"Organization","name":"montres.cz","logo":{"@type":"ImageObject","@id":"\/logo.png","url":"\/logo.png","width":600,"height":60}},"image":{"@type":"ImageObject","@id":"https:\/\/www.montres.cz\/wp-content\/uploads\/hand-784077_1280_1.jpg","url":"https:\/\/www.montres.cz\/wp-content\/uploads\/hand-784077_1280_1.jpg","height":0,"width":0},"keywords":null},{"@type":"Article","@id":"https:\/\/www.montres.cz\/nase-volby\/","headline":"Na\u0161e volby","url":"https:\/\/www.montres.cz\/nase-volby\/","datePublished":"2023-11-25","dateModified":"2023-11-25","mainEntityOfPage":"https:\/\/www.montres.cz\/nase-volby\/","author":{"@type":"Person","@id":"https:\/\/www.montres.cz\/author\/#Person","name":"","url":"https:\/\/www.montres.cz\/author\/","identifier":1,"image":{"@type":"ImageObject","@id":"https:\/\/secure.gravatar.com\/avatar\/06473a178d94fb830b46e277369729e9534f2612e261ec2f1ee96b672ef473e2?s=96&d=mm&r=g","url":"https:\/\/secure.gravatar.com\/avatar\/06473a178d94fb830b46e277369729e9534f2612e261ec2f1ee96b672ef473e2?s=96&d=mm&r=g","height":96,"width":96}},"publisher":{"@type":"Organization","name":"montres.cz","logo":{"@type":"ImageObject","@id":"\/logo.png","url":"\/logo.png","width":600,"height":60}},"image":{"@type":"ImageObject","@id":"https:\/\/www.montres.cz\/wp-content\/uploads\/robert-harbeck-6606334_1280.jpg","url":"https:\/\/www.montres.cz\/wp-content\/uploads\/robert-harbeck-6606334_1280.jpg","height":0,"width":0},"keywords":null},{"@type":"Article","@id":"https:\/\/www.montres.cz\/jak-se-lide-stavi-k-politice\/","headline":"Jak se lid\u00e9 stav\u00ed k politice?","url":"https:\/\/www.montres.cz\/jak-se-lide-stavi-k-politice\/","datePublished":"2023-09-23","dateModified":"2024-04-23","mainEntityOfPage":"https:\/\/www.montres.cz\/jak-se-lide-stavi-k-politice\/","author":{"@type":"Person","@id":"https:\/\/www.montres.cz\/author\/#Person","name":"","url":"https:\/\/www.montres.cz\/author\/","identifier":1,"image":{"@type":"ImageObject","@id":"https:\/\/secure.gravatar.com\/avatar\/06473a178d94fb830b46e277369729e9534f2612e261ec2f1ee96b672ef473e2?s=96&d=mm&r=g","url":"https:\/\/secure.gravatar.com\/avatar\/06473a178d94fb830b46e277369729e9534f2612e261ec2f1ee96b672ef473e2?s=96&d=mm&r=g","height":96,"width":96}},"publisher":{"@type":"Organization","name":"montres.cz","logo":{"@type":"ImageObject","@id":"\/logo.png","url":"\/logo.png","width":600,"height":60}},"image":{"@type":"ImageObject","@id":"https:\/\/www.montres.cz\/wp-content\/uploads\/bundestag-2463236_1280_3.jpg","url":"https:\/\/www.montres.cz\/wp-content\/uploads\/bundestag-2463236_1280_3.jpg","height":0,"width":0},"keywords":null},{"@type":"Article","@id":"https:\/\/www.montres.cz\/bavi-vas-politika\/","headline":"Bav\u00ed v\u00e1s politika?","url":"https:\/\/www.montres.cz\/bavi-vas-politika\/","datePublished":"2023-04-08","dateModified":"2024-01-08","mainEntityOfPage":"https:\/\/www.montres.cz\/bavi-vas-politika\/","author":{"@type":"Person","@id":"https:\/\/www.montres.cz\/author\/#Person","name":"","url":"https:\/\/www.montres.cz\/author\/","identifier":1,"image":{"@type":"ImageObject","@id":"https:\/\/secure.gravatar.com\/avatar\/06473a178d94fb830b46e277369729e9534f2612e261ec2f1ee96b672ef473e2?s=96&d=mm&r=g","url":"https:\/\/secure.gravatar.com\/avatar\/06473a178d94fb830b46e277369729e9534f2612e261ec2f1ee96b672ef473e2?s=96&d=mm&r=g","height":96,"width":96}},"publisher":{"@type":"Organization","name":"montres.cz","logo":{"@type":"ImageObject","@id":"\/logo.png","url":"\/logo.png","width":600,"height":60}},"image":{"@type":"ImageObject","@id":"https:\/\/www.montres.cz\/wp-content\/uploads\/population-205641_1280.jpg","url":"https:\/\/www.montres.cz\/wp-content\/uploads\/population-205641_1280.jpg","height":0,"width":0},"keywords":null},{"@type":"Article","@id":"https:\/\/www.montres.cz\/nase-politika\/","headline":"Na\u0161e politika","url":"https:\/\/www.montres.cz\/nase-politika\/","datePublished":"2023-04-05","dateModified":"2024-01-08","mainEntityOfPage":"https:\/\/www.montres.cz\/nase-politika\/","author":{"@type":"Person","@id":"https:\/\/www.montres.cz\/author\/#Person","name":"","url":"https:\/\/www.montres.cz\/author\/","identifier":1,"image":{"@type":"ImageObject","@id":"https:\/\/secure.gravatar.com\/avatar\/06473a178d94fb830b46e277369729e9534f2612e261ec2f1ee96b672ef473e2?s=96&d=mm&r=g","url":"https:\/\/secure.gravatar.com\/avatar\/06473a178d94fb830b46e277369729e9534f2612e261ec2f1ee96b672ef473e2?s=96&d=mm&r=g","height":96,"width":96}},"publisher":{"@type":"Organization","name":"montres.cz","logo":{"@type":"ImageObject","@id":"\/logo.png","url":"\/logo.png","width":600,"height":60}},"image":{"@type":"ImageObject","@id":"https:\/\/www.montres.cz\/wp-content\/uploads\/berlin-1826557_1280.jpg","url":"https:\/\/www.montres.cz\/wp-content\/uploads\/berlin-1826557_1280.jpg","height":0,"width":0},"keywords":null}]}