[{"@context":"https:\/\/schema.org\/","@type":"Article","@id":"https:\/\/www.montres.cz\/pro-koho-je-vhodna-paruka-z-pravych-vlasu\/#Article","mainEntityOfPage":"https:\/\/www.montres.cz\/pro-koho-je-vhodna-paruka-z-pravych-vlasu\/","headline":"Pro koho je vhodn\u00e1 paruka z prav\u00fdch vlas\u016f","name":"Pro koho je vhodn\u00e1 paruka z prav\u00fdch vlas\u016f","description":"Pro mu\u017ee \u2013 z\u00e1m\u011brn\u011b p\u0159ich\u00e1z\u00edme na prvn\u00edm m\u00edst\u011b s mu\u017esk\u00fdm pokolen\u00edm. Ne ka\u017ed\u00fd mu\u017e je sm\u00ed\u0159en s t\u00edm, \u017ee mu slezou vlasy ji\u017e po t\u0159ic\u00edtce. St\u00e1v\u00e1 se to z mnoha d\u016fvod\u016f, v\u011bt\u0161inou to souvis\u00ed s oslaben\u00edm ledvin a nedostate\u010dn\u00fdm z\u00e1soben\u00edm t\u011bla \u017eivinami (miner\u00e1ly, stopov\u00fdmi prvky a vitam\u00edny). N\u011bkte\u0159\u00ed mu\u017ei nos\u00ed paruky zcela b\u011b\u017en\u011b, dod\u00e1v\u00e1 jim [&hellip;]","datePublished":"2024-11-05","dateModified":"2024-11-05","author":{"@type":"Person","@id":"https:\/\/www.montres.cz\/author\/#Person","name":"","url":"https:\/\/www.montres.cz\/author\/","identifier":1,"image":{"@type":"ImageObject","@id":"https:\/\/secure.gravatar.com\/avatar\/06473a178d94fb830b46e277369729e9534f2612e261ec2f1ee96b672ef473e2?s=96&d=mm&r=g","url":"https:\/\/secure.gravatar.com\/avatar\/06473a178d94fb830b46e277369729e9534f2612e261ec2f1ee96b672ef473e2?s=96&d=mm&r=g","height":96,"width":96}},"publisher":{"@type":"Organization","name":"montres.cz","logo":{"@type":"ImageObject","@id":"\/logo.png","url":"\/logo.png","width":600,"height":60}},"image":{"@type":"ImageObject","@id":"https:\/\/www.montres.cz\/wp-content\/uploads\/quiet-4696546_640_1.jpg","url":"https:\/\/www.montres.cz\/wp-content\/uploads\/quiet-4696546_640_1.jpg","height":0,"width":0},"url":"https:\/\/www.montres.cz\/pro-koho-je-vhodna-paruka-z-pravych-vlasu\/","about":["Nakupov\u00e1n\u00ed"],"wordCount":432,"articleBody":"      Pro mu\u017ee \u2013 z\u00e1m\u011brn\u011b p\u0159ich\u00e1z\u00edme na prvn\u00edm m\u00edst\u011b s mu\u017esk\u00fdm pokolen\u00edm. Ne ka\u017ed\u00fd mu\u017e je sm\u00ed\u0159en s t\u00edm, \u017ee mu slezou vlasy ji\u017e po t\u0159ic\u00edtce. St\u00e1v\u00e1 se to z mnoha d\u016fvod\u016f, v\u011bt\u0161inou to souvis\u00ed s oslaben\u00edm ledvin a nedostate\u010dn\u00fdm z\u00e1soben\u00edm t\u011bla \u017eivinami (miner\u00e1ly, stopov\u00fdmi prvky a vitam\u00edny). N\u011bkte\u0159\u00ed mu\u017ei nos\u00ed paruky zcela b\u011b\u017en\u011b, dod\u00e1v\u00e1 jim to sebev\u011bdom\u00ed a posiluje p\u0159i pr\u00e1ci na sob\u011b, na zlep\u0161en\u00ed vlastn\u00edho zdrav\u00ed. Pro n\u011bkter\u00e9 jedince je paruka zaj\u00edmav\u00fdm zpest\u0159en\u00edm jeho image.Po chemoterapii \u2013 tyto z\u00e1kroky nesm\u00edrn\u011b oslabuj\u00ed organismus a ten se sna\u017e\u00ed udr\u017eet na\u017eivu t\u00edm, \u017ee dod\u00e1v\u00e1 \u017eiviny hlavn\u011b do t\u011blesn\u00fdch org\u00e1n\u016f, p\u0159i\u010dem\u017e vlasy jsou pro p\u0159e\u017eit\u00ed nejm\u00e9n\u011b d\u016fle\u017eit\u00e9. Ztr\u00e1tu vlas\u016f lze vykompenzovat parukou, a to jak pro mu\u017ee, tak i pro \u017eeny. V tomto p\u0159\u00edpad\u011b to b\u00fdv\u00e1 do\u010dasn\u00e9 \u0159e\u0161en\u00ed, ale ne v\u017edy se poda\u0159\u00ed op\u011btovn\u011b z\u00edskat kr\u00e1sn\u00e9 a zdrav\u00e9 vlasy, tak se paruka st\u00e1v\u00e1 d\u016fle\u017eitou pom\u016fckou a\u017e do konce \u017eivota.Po\u0161kozen\u00e9 vlasy \u2013 mnoho \u017een m\u00e1 sv\u00e9 vlasy po\u0161kozen\u00e9 barven\u00edm a nevhodnou \u017eivotospr\u00e1vou. Mohou b\u00fdt p\u0159\u00edli\u0161 kr\u00e1tk\u00e9, \u0159\u00eddk\u00e9, pro\u0161ediv\u011bl\u00e9, tenk\u00e9, rozt\u0159epen\u00e9 \u010di jinak po\u0161kozen\u00e9. Tehdy je pak d\u00e1msk\u00e1 paruka nam\u00edst\u011b, zejm\u00e9na ve spole\u010dnosti m\u00e1 sv\u016fj velk\u00fd v\u00fdznam, nap\u0159\u00edklad v zam\u011bstn\u00e1n\u00ed v kancel\u00e1\u0159i, na oslav\u00e1ch, na kulturn\u00edch akc\u00edch, p\u0159i pohybu ve m\u011bst\u011b na n\u00e1kupech atp. Paruky \u017eeny ocen\u00ed zejm\u00e9na tam, kde je t\u0159eba zam\u011b\u0159it se na jejich obli\u010dej, tedy jsou vhodn\u00e9 t\u0159eba pro konferenci\u00e9rku, pr\u016fvodkyni cestovn\u00ed kancel\u00e1\u0159e, realitn\u00ed makl\u00e9\u0159ku, prodava\u010dku \u010di sekret\u00e1\u0159ku.Chci b\u00fdt jin\u00e1 \u2013 paruka dok\u00e1\u017ee zm\u011bnit \u017eenskou viz\u00e1\u017e velmi v\u00fdznamn\u011b a n\u011bkter\u00fdm \u017een\u00e1m dokonce slu\u0161\u00ed v\u00edc, ne\u017e jejich p\u0159irozen\u00e1 vlasov\u00e1 pokr\u00fdvka. Kup\u0159\u00edkladu dlouh\u00e9 rovn\u00e9 blond vlasy vytvo\u0159\u00ed z kudrnat\u00e9 zrzky dokonalou kr\u00e1sku. Typ\u016f paruk z prav\u00fdch vlas\u016f je dnes ve specializovan\u00fdch obchodech cel\u00e1 \u0159ada a chcete-li se p\u0159esv\u011bd\u010dit o tom, jak\u00e1 v\u00e1m bude nejv\u00edc slu\u0161et, mus\u00edte si je vyzkou\u0161et a m\u00edt vedle sebe n\u011bkoho, kdo v\u00e1m bude v \u00fasudku pom\u00e1hat.                                                                                                                                                                                                                                                                                                                                                                                                   "},{"@context":"https:\/\/schema.org\/","@type":"BreadcrumbList","itemListElement":[{"@type":"ListItem","position":1,"name":"Pro koho je vhodn\u00e1 paruka z prav\u00fdch vlas\u016f","item":"https:\/\/www.montres.cz\/pro-koho-je-vhodna-paruka-z-pravych-vlasu\/#breadcrumbitem"}]}]