[{"@context":"https:\/\/schema.org\/","@type":"Article","@id":"https:\/\/www.montres.cz\/technika-a-lide\/#Article","mainEntityOfPage":"https:\/\/www.montres.cz\/technika-a-lide\/","headline":"Technika a lid\u00e9","name":"Technika a lid\u00e9","description":"J\u00e1 si mysl\u00edm, \u017ee bez techniky by byl sv\u011bt opravdu hodn\u011b slo\u017eit\u00fd. Mnoho v\u011bc\u00ed by ani ne\u0161lo anebo n\u011bkter\u00e9 v\u011bci by samoz\u0159ejm\u011b \u0161ly, ale bylo by to v\u00edce obt\u00ed\u017en\u00e9. Proto jsem r\u00e1da, \u017ee \u010dlov\u011bk si m\u016f\u017ee vybrat, jak bude \u017e\u00edt. V\u011bd\u011bli jste, \u017ee jsou n\u011bkter\u00e9 skupiny lid\u00ed, kter\u00e9 \u017eij\u00ed opravdu hodn\u011b p\u0159\u00edrodn\u011b? J\u00e1 si mysl\u00edm, [&hellip;]","datePublished":"2023-10-17","dateModified":"2024-05-20","author":{"@type":"Person","@id":"https:\/\/www.montres.cz\/author\/#Person","name":"","url":"https:\/\/www.montres.cz\/author\/","identifier":1,"image":{"@type":"ImageObject","@id":"https:\/\/secure.gravatar.com\/avatar\/06473a178d94fb830b46e277369729e9534f2612e261ec2f1ee96b672ef473e2?s=96&d=mm&r=g","url":"https:\/\/secure.gravatar.com\/avatar\/06473a178d94fb830b46e277369729e9534f2612e261ec2f1ee96b672ef473e2?s=96&d=mm&r=g","height":96,"width":96}},"publisher":{"@type":"Organization","name":"montres.cz","logo":{"@type":"ImageObject","@id":"\/logo.png","url":"\/logo.png","width":600,"height":60}},"image":{"@type":"ImageObject","@id":"https:\/\/www.montres.cz\/wp-content\/uploads\/controls-1853330_1280_1.jpg","url":"https:\/\/www.montres.cz\/wp-content\/uploads\/controls-1853330_1280_1.jpg","height":0,"width":0},"url":"https:\/\/www.montres.cz\/technika-a-lide\/","about":["Technika"],"wordCount":417,"articleBody":"J\u00e1 si mysl\u00edm, \u017ee bez techniky by byl sv\u011bt opravdu hodn\u011b slo\u017eit\u00fd. Mnoho v\u011bc\u00ed by ani ne\u0161lo anebo n\u011bkter\u00e9 v\u011bci by samoz\u0159ejm\u011b \u0161ly, ale bylo by to v\u00edce obt\u00ed\u017en\u00e9. Proto jsem r\u00e1da, \u017ee \u010dlov\u011bk si m\u016f\u017ee vybrat, jak bude \u017e\u00edt. V\u011bd\u011bli jste, \u017ee jsou n\u011bkter\u00e9 skupiny lid\u00ed, kter\u00e9 \u017eij\u00ed opravdu hodn\u011b p\u0159\u00edrodn\u011b? J\u00e1 si mysl\u00edm, \u017ee se jim \u0159\u00edk\u00e1 Ami\u0161ov\u00e9 anebo Am\u0161ov\u00e9. To je skupina lid\u00ed, kter\u00e1 nem\u00e1 v\u016fbec r\u00e1da vymo\u017eenosti, a to jak techniku, tak tak\u00e9 elektrotechniku. A dokonce jsem se tak\u00e9 dozv\u011bd\u011bla, \u017ee Ami\u0161ov\u00e9 nemaj\u00ed v\u016fbec r\u00e1di o\u010dkov\u00e1n\u00ed d\u011bt\u00ed. Oni ani nechod\u00ed v\u016fbec na o\u010dkov\u00e1n\u00ed d\u011bt\u00ed!\u00a0Rozum\u00edte tomu? Podle m\u00e9ho n\u00e1zoru je to opravdu velik\u00e1 blbost. Jak se tohle v\u016fbec m\u016f\u017ee st\u00e1t? Tohle nepochop\u00edm, sice ano, j\u00e1 t\u0159eba ch\u00e1pu, \u017ee n\u011bkdo nem\u00e1 r\u00e1d techniku anebo dal\u0161\u00ed technick\u00e9 vymo\u017eenosti anebo elektrotechniku, \u017ee t\u0159eba lid\u00e9 nemaj\u00ed v\u016fbec r\u00e1di mobiln\u00ed telefon nebo televizi, ledni\u010dku pra\u010dku a tak podobn\u011b. Ale, \u017ee v\u016fbec nenechaj\u00ed sv\u00e9 d\u011bti o\u010dkovat anebo \u017ee je nenechaj\u00ed br\u00e1t antibiotika, \u017ee jim d\u00e1vaj\u00ed jenom bylinky?\u00a0Podle m\u00e9ho n\u00e1zoru je to \u00fapln\u00e1 blbost. Kdy\u017e t\u0159eba nemaj\u00ed televizi, tak tohle ch\u00e1pu. Ale kolikr\u00e1t tak\u00e9 sl\u00fdch\u00e1m, \u017ee sv\u00e9 d\u011bti necht\u011bj\u00ed pou\u0161t\u011bt do sv\u011bta, aby t\u0159eba nepropadly hazardu anebo t\u0159eba tak\u00e9 technice? Nebo aby d\u011bti si nezamilovaly\u00a0mobiln\u00ed telefon. Nebo aby je tam n\u011bkdo nezkazil. J\u00e1 v\u00edm, \u017ee t\u0159eba, kdy\u017e d\u00edt\u011b poprv\u00e9 t\u0159eba v patn\u00e1cti letech\u00a0uvid\u00ed mobiln\u00ed telefon, \u017ee ho to bude \u00fapln\u011b fascinovat, \u017ee ho tohle bude bavit. Jenom\u017ee j\u00e1 se tomu v\u016fbec nediv\u00edm. P\u0159edpokl\u00e1d\u00e1m, \u017ee i j\u00e1, kdybych v patn\u00e1cti\u00a0letech vid\u011bla n\u011bco \u00fapln\u011b nov\u00e9ho, t\u0159eba \u00fapln\u011b nov\u00fd tablet, kter\u00fd bych v \u017eivot\u011b nevid\u011bla, tak by m\u011b to tak\u00e9 tak fascinovalo a bavilo by m\u011b to, \u017ee bych to cht\u011bla m\u00edt doma. J\u00e1 tedy nevid\u00edm nic \u0161patn\u00e9ho na tom, kdy\u017e mal\u00e9 d\u011bti maj\u00ed tak\u00e9 mobiln\u00ed telefon anebo jinou techniku, p\u0159i kter\u00e9 se tak\u00e9 mohou vzd\u011bl\u00e1vat. Nebo si\u00a0tak\u00e9 na tabletu mohou pou\u0161t\u011bt n\u011bjak\u00e9 poh\u00e1dky anebo muziku.\u00a0                                                                                                                                                                                                                                                                                                                                                                                                "},{"@context":"https:\/\/schema.org\/","@type":"BreadcrumbList","itemListElement":[{"@type":"ListItem","position":1,"name":"Technika a lid\u00e9","item":"https:\/\/www.montres.cz\/technika-a-lide\/#breadcrumbitem"}]}]