[{"@context":"https:\/\/schema.org\/","@type":"Article","@id":"https:\/\/www.montres.cz\/vyberte-si-u-nas-i-vybaveni-do-jidelny\/#Article","mainEntityOfPage":"https:\/\/www.montres.cz\/vyberte-si-u-nas-i-vybaveni-do-jidelny\/","headline":"Vyberte si u n\u00e1s i vybaven\u00ed do j\u00eddelny","name":"Vyberte si u n\u00e1s i vybaven\u00ed do j\u00eddelny","description":"Nab\u00edz\u00edme kvalitn\u00ed a levn\u00e9 kuchy\u0148sk\u00e9 linky ve standardn\u00edch rozm\u011brech v sestav\u00e1ch, nebo po jednotliv\u00fdch kusech. Z\u00e1le\u017e\u00ed pouze na va\u0161em v\u00fdb\u011bru. Kuchy\u0148sk\u00e9 linky by m\u011bly vedle kr\u00e1sn\u00e9ho a modern\u00edho designu spl\u0148ovat i jin\u00e9 krit\u00e9ria jako jsou nap\u0159\u00edklad funk\u010dnost a prakti\u010dnost. M\u011bly by se d\u00e1t snadno udr\u017eovat, \u010demu\u017e dopom\u016f\u017ee kvalitn\u00ed povrchov\u00e1 \u00faprava. Na\u0161e kuchyn\u011b nab\u00edz\u00edme v mnoha [&hellip;]","datePublished":"2025-03-12","dateModified":"2025-03-12","author":{"@type":"Person","@id":"https:\/\/www.montres.cz\/author\/#Person","name":"","url":"https:\/\/www.montres.cz\/author\/","identifier":1,"image":{"@type":"ImageObject","@id":"https:\/\/secure.gravatar.com\/avatar\/06473a178d94fb830b46e277369729e9534f2612e261ec2f1ee96b672ef473e2?s=96&d=mm&r=g","url":"https:\/\/secure.gravatar.com\/avatar\/06473a178d94fb830b46e277369729e9534f2612e261ec2f1ee96b672ef473e2?s=96&d=mm&r=g","height":96,"width":96}},"publisher":{"@type":"Organization","name":"montres.cz","logo":{"@type":"ImageObject","@id":"\/logo.png","url":"\/logo.png","width":600,"height":60}},"url":"https:\/\/www.montres.cz\/vyberte-si-u-nas-i-vybaveni-do-jidelny\/","wordCount":173,"articleBody":"Nab\u00edz\u00edme kvalitn\u00ed a levn\u00e9 kuchy\u0148sk\u00e9 linky ve standardn\u00edch rozm\u011brech v sestav\u00e1ch, nebo po jednotliv\u00fdch kusech. Z\u00e1le\u017e\u00ed pouze na va\u0161em v\u00fdb\u011bru. Kuchy\u0148sk\u00e9 linky by m\u011bly vedle kr\u00e1sn\u00e9ho a modern\u00edho designu spl\u0148ovat i jin\u00e9 krit\u00e9ria jako jsou nap\u0159\u00edklad funk\u010dnost a prakti\u010dnost. M\u011bly by se d\u00e1t snadno udr\u017eovat, \u010demu\u017e dopom\u016f\u017ee kvalitn\u00ed povrchov\u00e1 \u00faprava. Na\u0161e kuchyn\u011b nab\u00edz\u00edme v mnoha barevn\u00fdch odst\u00ednech a kombinac\u00edch s dostatkem \u00falo\u017en\u00e9ho prostoru. M\u016f\u017eete si zam\u011b\u0159it m\u00edstnost, navrhnout a poskl\u00e1dat svou kuchyni sami v rustik\u00e1ln\u00edm, nebo naopak minimalistick\u00e9m stylu. Na chatu, do bytu \u010di prostorn\u00e9ho rodinn\u00e9ho domu. Snaha a na\u0161e politika Na\u0161e kuchy\u0148sk\u00e9 linky spl\u0148uj\u00ed ve\u0161ker\u00e9 stanoven\u00e9 normy. Sna\u017e\u00edme se udr\u017eet co nejni\u017e\u0161\u00ed ceny, kter\u00e9 p\u0159esp\u0159\u00edli\u0161 nezat\u00ed\u017e\u00ed V\u00e1\u0161 rozpo\u010det. N\u00e1\u0161 c\u00edl je maxim\u00e1ln\u00ed spokojenost na\u0161ich z\u00e1kazn\u00edk\u016f.                                                                                                                                                                                                                                                                                                                                                                                                "},{"@context":"https:\/\/schema.org\/","@type":"BreadcrumbList","itemListElement":[{"@type":"ListItem","position":1,"name":"Vyberte si u n\u00e1s i vybaven\u00ed do j\u00eddelny","item":"https:\/\/www.montres.cz\/vyberte-si-u-nas-i-vybaveni-do-jidelny\/#breadcrumbitem"}]}]