[{"@context":"https:\/\/schema.org\/","@type":"Article","@id":"https:\/\/www.montres.cz\/vypinace-ktere-jsou-osobite\/#Article","mainEntityOfPage":"https:\/\/www.montres.cz\/vypinace-ktere-jsou-osobite\/","headline":"Vyp\u00edna\u010de, kter\u00e9 jsou osobit\u00e9","name":"Vyp\u00edna\u010de, kter\u00e9 jsou osobit\u00e9","description":"Nem\u00e1te r\u00e1di klasick\u00e9 z\u00e1suvky a dal\u0161\u00ed elektroinstala\u010dn\u00ed prvky, se kter\u00fdmi se m\u016f\u017eete setkat ve v\u011bt\u0161in\u011b interi\u00e9r\u016f? Pokud m\u00e1te r\u00e1di n\u011bco v\u00fdjime\u010dn\u011bj\u0161\u00edho, tak rozhodn\u011b nev\u00e1hejte s\u00e1hnout pr\u00e1v\u011b po vyp\u00edna\u010d\u00edch Schneider, kter\u00e9 jsou ur\u010dit\u011b dobrou volbou zcela pro ka\u017ed\u00e9ho, to znamen\u00e1 i pro v\u00e1s. M\u016f\u017eete se t\u011b\u0161it na skute\u010dn\u011b unik\u00e1tn\u00ed a jedine\u010dn\u00e9 produkty, kter\u00e9 v\u00e1m budou zp\u0159\u00edjem\u0148ovat [&hellip;]","datePublished":"2023-10-23","dateModified":"2023-10-23","author":{"@type":"Person","@id":"https:\/\/www.montres.cz\/author\/#Person","name":"","url":"https:\/\/www.montres.cz\/author\/","identifier":1,"image":{"@type":"ImageObject","@id":"https:\/\/secure.gravatar.com\/avatar\/06473a178d94fb830b46e277369729e9534f2612e261ec2f1ee96b672ef473e2?s=96&d=mm&r=g","url":"https:\/\/secure.gravatar.com\/avatar\/06473a178d94fb830b46e277369729e9534f2612e261ec2f1ee96b672ef473e2?s=96&d=mm&r=g","height":96,"width":96}},"publisher":{"@type":"Organization","name":"montres.cz","logo":{"@type":"ImageObject","@id":"\/logo.png","url":"\/logo.png","width":600,"height":60}},"url":"https:\/\/www.montres.cz\/vypinace-ktere-jsou-osobite\/","wordCount":247,"articleBody":"Nem\u00e1te r\u00e1di klasick\u00e9 z\u00e1suvky a dal\u0161\u00ed elektroinstala\u010dn\u00ed prvky, se kter\u00fdmi se m\u016f\u017eete setkat ve v\u011bt\u0161in\u011b interi\u00e9r\u016f? Pokud m\u00e1te r\u00e1di n\u011bco v\u00fdjime\u010dn\u011bj\u0161\u00edho, tak rozhodn\u011b nev\u00e1hejte s\u00e1hnout pr\u00e1v\u011b po vyp\u00edna\u010d\u00edch Schneider, kter\u00e9 jsou ur\u010dit\u011b dobrou volbou zcela pro ka\u017ed\u00e9ho, to znamen\u00e1 i pro v\u00e1s. M\u016f\u017eete se t\u011b\u0161it na skute\u010dn\u011b unik\u00e1tn\u00ed a jedine\u010dn\u00e9 produkty, kter\u00e9 v\u00e1m budou zp\u0159\u00edjem\u0148ovat bydlen\u00ed ve va\u0161em interi\u00e9ru ka\u017ed\u00fdm coulem. M\u016f\u017eete o\u010dek\u00e1vat prvot\u0159\u00eddn\u00ed vzhled, ale hlavn\u011b taky nad\u010dasov\u00fd design, d\u00edky \u010demu\u017e ne\u0161l\u00e1pnete vedle, a\u0165 u\u017e se rozhodnete pro jak\u00fdkoliv interi\u00e9r. V\u0161ude to bude vypadat dob\u0159e, sta\u010d\u00ed, abyste si dali z\u00e1le\u017eet p\u0159i sv\u00e9 volb\u011b, a budete r\u00e1zem spokojen\u00ed. Na nic tedy ne\u010dekejte a investujte do t\u011bchto prvk\u016f, kter\u00e9 jsou velmi dobr\u00fdm c\u00edlem va\u0161\u00ed investice.Nezapome\u0148te spr\u00e1vn\u011b vybratAby to vypadalo opravdu tak dob\u0159e, tak je pot\u0159eba, abyste nepodcenili samotn\u00fd v\u00fdb\u011br, kter\u00fd je tak\u00e9 velice d\u016fle\u017eit\u00fd. Je pot\u0159eba, abyste vybrali spr\u00e1vnou barvu, stejn\u011b jako tvar a proveden\u00ed jako takov\u00e9. Zva\u017ete, jak vypad\u00e1 v\u00e1\u0161 interi\u00e9r, a co by se do n\u011bj asi tak nejv\u00edce hodilo. Pr\u00e1v\u011b to je z\u00e1kladn\u00edm krokem dobr\u00e9ho v\u00fdb\u011bru.                                                                                                                                                                                                                                                                                                                                                                                                "},{"@context":"https:\/\/schema.org\/","@type":"BreadcrumbList","itemListElement":[{"@type":"ListItem","position":1,"name":"Vyp\u00edna\u010de, kter\u00e9 jsou osobit\u00e9","item":"https:\/\/www.montres.cz\/vypinace-ktere-jsou-osobite\/#breadcrumbitem"}]}]